{"id":969,"date":"2018-05-23T15:32:21","date_gmt":"2018-05-23T13:32:21","guid":{"rendered":"http:\/\/www.garenc.com\/garenc-at-works\/?p=969"},"modified":"2026-02-12T12:13:41","modified_gmt":"2026-02-12T11:13:41","slug":"garenc-design-verre-claret-digital-grasshopper-glass","status":"publish","type":"post","link":"https:\/\/www.garenc.com\/garenc-at-works\/2018\/05\/23\/garenc-design-verre-claret-digital-grasshopper-glass\/","title":{"rendered":"&lsquo;La Partie pour le Tout&rsquo; &#8211; DESIGN&rsquo;issime : objets en verre contemporains \/ Halle du Verre &#8211; CLARET(34)"},"content":{"rendered":"\n<figure class=\"wp-block-image\"><img loading=\"lazy\" decoding=\"async\" width=\"1024\" height=\"818\" src=\"http:\/\/www.garenc.com\/garenc-at-works\/wp-content\/uploads\/2018\/05\/Exposition_temporaire_DesignIssime_presentee_a_la_Halle_du_Verre_du_2_mai_au_30_novembre_2018._Commissaire_dexposition__Manuel_Fadat.11-1024x818.jpg\" alt=\"\" class=\"wp-image-971\" srcset=\"https:\/\/www.garenc.com\/garenc-at-works\/wp-content\/uploads\/2018\/05\/Exposition_temporaire_DesignIssime_presentee_a_la_Halle_du_Verre_du_2_mai_au_30_novembre_2018._Commissaire_dexposition__Manuel_Fadat.11-1024x818.jpg 1024w, https:\/\/www.garenc.com\/garenc-at-works\/wp-content\/uploads\/2018\/05\/Exposition_temporaire_DesignIssime_presentee_a_la_Halle_du_Verre_du_2_mai_au_30_novembre_2018._Commissaire_dexposition__Manuel_Fadat.11-300x240.jpg 300w, https:\/\/www.garenc.com\/garenc-at-works\/wp-content\/uploads\/2018\/05\/Exposition_temporaire_DesignIssime_presentee_a_la_Halle_du_Verre_du_2_mai_au_30_novembre_2018._Commissaire_dexposition__Manuel_Fadat.11-768x614.jpg 768w\" sizes=\"auto, (max-width: 1024px) 100vw, 1024px\" \/><\/figure>\n\n\n\n<p><\/p>\n\n\n\n<p><em><strong>La Partie pour le Tout (Les Arts Cod\u00e9s)<\/strong><\/em>, Sur une invitation du commissaire d&rsquo;exposition Manuel Fadat, en collaboration avec Johann Aussage &#8211; Les Arts Cod\u00e9s CERFAV<br>\n2017\/2018<\/p>\n\n\n\n<p>Installation (\u00e9chantillonnage de paroi) r\u00e9alis\u00e9e en collaboration avec Johan Aussage et le Cerfav.<\/p>\n\n\n\n<p>Vue d&rsquo;algorithme ; divers \u00e9l\u00e9ments issus du proc\u00e9d\u00e9 de fabrication (impression 3D PLA + pl\u00e2tre r\u00e9fractaire + verre color\u00e9) ; \u00e9chantillon de paroi ajour\u00e9e grandeur nature (bois de peuplier multiplis d\u00e9coup\u00e9 au laser, verres de couleur coul\u00e9s par gravit\u00e9 au four, taill\u00e9s), 2017-2018.<br>\n&#8212;<\/p>\n\n\n\n<p>La conception param\u00e9trique est un mode de fonctionnement des logiciels de conception assist\u00e9e par ordinateur actuels. Il s&rsquo;agit de d\u00e9finir une entit\u00e9 par des param\u00e8tres qui peuvent \u00eatre modifi\u00e9s facilement. De cette fa\u00e7on, on change ais\u00e9ment la d\u00e9finition de la pi\u00e8ce.<\/p>\n\n\n\n<p>Les param\u00e8tres peuvent \u00eatre de plusieurs types : intrins\u00e8ques (longueurs, angles), cart\u00e9siens (coordonn\u00e9es par rapport \u00e0 un rep\u00e8re), situationnels (distance, angle entre 2 \u00e9l\u00e9ments)<\/p>\n\n\n\n<p>Une contrainte est un param\u00e8tre que l&rsquo;on ne veut pas pouvoir modifier.<\/p>\n\n\n\n<p>Dans La Partie pour le Tout, les param\u00e8tres sont en relation avec la technique de fabrication du moule verrier r\u00e9fractaire ainsi que la capacit\u00e9 du verre \u00e0 s\u2019\u00e9couler et l\u2019accessibilit\u00e9 des parties de la forme \u00e0 la roue de taille diamant\u00e9e.<\/p>\n\n\n\n<!--more-->\n\n\n\n<p>Cette installation est n\u00e9e d&rsquo;une sollicitation dans le cadre de ma mission d\u2019ing\u00e9nieur de recherche pour le P\u00f4le national d\u2019Innovation pour les m\u00e9tiers du Verre (CERFAV) et est le fruit d&rsquo;une collaboration entre un modeleur-mouliste verrier et d&rsquo;un designer num\u00e9rique &#8211; Johan Aussage. Dans le perspective du manifeste des Arts Cod\u00e9s, j\u2019ai sollicit\u00e9 ce designer num\u00e9rique, plut\u00f4t orient\u00e9 fabrication de mobilier param\u00e9trique en bois, afin de proposer une plus-value \u00e0 ses objets par l&rsquo;insertion d\u2019ajourements, d&rsquo;incrustations r\u00e9alis\u00e9s en verre coul\u00e9 au four dans un moule. Afin de ne pas figer ces inserts et d&rsquo;int\u00e9grer les contraintes li\u00e9es \u00e0 la fabrication en verre, nous avons b\u00e2ti un algorithme qui permet de g\u00e9n\u00e9rer tr\u00e8s simplement \u00e0 partir de curseurs digitaux une variabilit\u00e9 instantan\u00e9e de la forme des inserts ( hauteur, nombre de branches, \u00e9paisseur, usinabilit\u00e9&#8230;)<\/p>\n\n\n\n<p>L\u2019image en regard pr\u00e9sent\u00e9e dans l\u2019installation et dans le catalogue est repr\u00e9sentative de l\u2019algorithme, des ses entr\u00e9es et des encha\u00eenements logiques qui permettent la g\u00e9n\u00e9ration des formes qui seront par la suite coul\u00e9es en verre.<\/p>\n\n\n\n<p>Le travail de cr\u00e9ation ( au-del\u00e0 de celle donn\u00e9e dans l\u2019algorithme ), r\u00e9side dans le choix parmi les multiples possibles. C\u2019est l\u00e0 s\u00fbrement qu\u2019une esp\u00e8ce de sensibilit\u00e9, de connaissance, de vision, s\u2019exprime. Une fois, une forme choisie, elle peut devenir un objet 3D d\u2019abord informatique puis tangible par le biais de l\u2019impression 3D. L\u2019avantage de la mod\u00e9lisation 3D est de pouvoir penser l\u2019objet par le vide afin d\u2019en cr\u00e9er directement le moule en s\u2019affranchissant directement ainsi des contraintes mat\u00e9rielles et temporelles du proc\u00e9d\u00e9 \u00e0 la cire perdue.<\/p>\n","protected":false},"excerpt":{"rendered":"<p>La Partie pour le Tout (Les Arts Cod\u00e9s), Sur une invitation du commissaire d&rsquo;exposition Manuel Fadat, en collaboration avec Johann Aussage &#8211; Les Arts Cod\u00e9s CERFAV 2017\/2018 Installation (\u00e9chantillonnage de paroi) r\u00e9alis\u00e9e en collaboration avec Johan Aussage et le Cerfav. Vue d&rsquo;algorithme ; divers \u00e9l\u00e9ments issus du proc\u00e9d\u00e9 de fabrication (impression 3D PLA + pl\u00e2tre [&hellip;]<\/p>\n","protected":false},"author":1,"featured_media":971,"comment_status":"closed","ping_status":"closed","sticky":false,"template":"","format":"standard","meta":{"footnotes":""},"categories":[7,15,8,13,9,6,11,10],"tags":[],"class_list":["post-969","post","type-post","status-publish","format-standard","has-post-thumbnail","hentry","category-3d-printing","category-design","category-digital-art","category-expositions","category-fablab","category-glass","category-paintings","category-sculptures"],"_links":{"self":[{"href":"https:\/\/www.garenc.com\/garenc-at-works\/wp-json\/wp\/v2\/posts\/969","targetHints":{"allow":["GET"]}}],"collection":[{"href":"https:\/\/www.garenc.com\/garenc-at-works\/wp-json\/wp\/v2\/posts"}],"about":[{"href":"https:\/\/www.garenc.com\/garenc-at-works\/wp-json\/wp\/v2\/types\/post"}],"author":[{"embeddable":true,"href":"https:\/\/www.garenc.com\/garenc-at-works\/wp-json\/wp\/v2\/users\/1"}],"replies":[{"embeddable":true,"href":"https:\/\/www.garenc.com\/garenc-at-works\/wp-json\/wp\/v2\/comments?post=969"}],"version-history":[{"count":5,"href":"https:\/\/www.garenc.com\/garenc-at-works\/wp-json\/wp\/v2\/posts\/969\/revisions"}],"predecessor-version":[{"id":1490,"href":"https:\/\/www.garenc.com\/garenc-at-works\/wp-json\/wp\/v2\/posts\/969\/revisions\/1490"}],"wp:featuredmedia":[{"embeddable":true,"href":"https:\/\/www.garenc.com\/garenc-at-works\/wp-json\/wp\/v2\/media\/971"}],"wp:attachment":[{"href":"https:\/\/www.garenc.com\/garenc-at-works\/wp-json\/wp\/v2\/media?parent=969"}],"wp:term":[{"taxonomy":"category","embeddable":true,"href":"https:\/\/www.garenc.com\/garenc-at-works\/wp-json\/wp\/v2\/categories?post=969"},{"taxonomy":"post_tag","embeddable":true,"href":"https:\/\/www.garenc.com\/garenc-at-works\/wp-json\/wp\/v2\/tags?post=969"}],"curies":[{"name":"wp","href":"https:\/\/api.w.org\/{rel}","templated":true}]}}