{"id":962,"date":"2018-02-10T22:39:30","date_gmt":"2018-02-10T21:39:30","guid":{"rendered":"http:\/\/www.garenc.com\/garenc-at-works\/?p=962"},"modified":"2026-03-24T10:20:56","modified_gmt":"2026-03-24T09:20:56","slug":"foco-i-casita-bernina","status":"publish","type":"post","link":"https:\/\/www.garenc.com\/garenc-at-works\/2018\/02\/10\/foco-i-casita-bernina\/","title":{"rendered":"Foco i Casita bernina"},"content":{"rendered":"\n<figure class=\"wp-block-image\"><img loading=\"lazy\" decoding=\"async\" width=\"950\" height=\"689\" src=\"http:\/\/www.garenc.com\/garenc-at-works\/wp-content\/uploads\/2017\/05\/collaboration_cristal.jpg\" alt=\"\" class=\"wp-image-518\" srcset=\"https:\/\/www.garenc.com\/garenc-at-works\/wp-content\/uploads\/2017\/05\/collaboration_cristal.jpg 950w, https:\/\/www.garenc.com\/garenc-at-works\/wp-content\/uploads\/2017\/05\/collaboration_cristal-300x218.jpg 300w, https:\/\/www.garenc.com\/garenc-at-works\/wp-content\/uploads\/2017\/05\/collaboration_cristal-768x557.jpg 768w\" sizes=\"auto, (max-width: 950px) 100vw, 950px\" \/><\/figure>\n\n\n\n<figure class=\"wp-block-image\"><img loading=\"lazy\" decoding=\"async\" width=\"650\" height=\"433\" src=\"http:\/\/www.garenc.com\/garenc-at-works\/wp-content\/uploads\/2017\/05\/Foyer.jpg\" alt=\"\" class=\"wp-image-645\" srcset=\"https:\/\/www.garenc.com\/garenc-at-works\/wp-content\/uploads\/2017\/05\/Foyer.jpg 650w, https:\/\/www.garenc.com\/garenc-at-works\/wp-content\/uploads\/2017\/05\/Foyer-300x200.jpg 300w\" sizes=\"auto, (max-width: 650px) 100vw, 650px\" \/><\/figure>\n\n\n\n<p><\/p>\n\n\n\n<p><em><strong>Casita et Foyer<\/strong><\/em><\/p>\n\n\n\n<p><br>Cristal coul\u00e9 par gravit\u00e9<br>2010 et 2011<br>Collection du Mus\u00e9e des Beaux-Arts de Nancy et collection priv\u00e9e<\/p>\n","protected":false},"excerpt":{"rendered":"<p>Casita et Foyer Cristal coul\u00e9 par gravit\u00e92010 et 2011Collection du Mus\u00e9e des Beaux-Arts de Nancy et collection priv\u00e9e<\/p>\n","protected":false},"author":1,"featured_media":645,"comment_status":"closed","ping_status":"closed","sticky":false,"template":"","format":"standard","meta":{"footnotes":""},"categories":[7,4,15,8,13,9,6,10],"tags":[],"class_list":["post-962","post","type-post","status-publish","format-standard","has-post-thumbnail","hentry","category-3d-printing","category-architectures","category-design","category-digital-art","category-expositions","category-fablab","category-glass","category-sculptures"],"_links":{"self":[{"href":"https:\/\/www.garenc.com\/garenc-at-works\/wp-json\/wp\/v2\/posts\/962","targetHints":{"allow":["GET"]}}],"collection":[{"href":"https:\/\/www.garenc.com\/garenc-at-works\/wp-json\/wp\/v2\/posts"}],"about":[{"href":"https:\/\/www.garenc.com\/garenc-at-works\/wp-json\/wp\/v2\/types\/post"}],"author":[{"embeddable":true,"href":"https:\/\/www.garenc.com\/garenc-at-works\/wp-json\/wp\/v2\/users\/1"}],"replies":[{"embeddable":true,"href":"https:\/\/www.garenc.com\/garenc-at-works\/wp-json\/wp\/v2\/comments?post=962"}],"version-history":[{"count":3,"href":"https:\/\/www.garenc.com\/garenc-at-works\/wp-json\/wp\/v2\/posts\/962\/revisions"}],"predecessor-version":[{"id":1498,"href":"https:\/\/www.garenc.com\/garenc-at-works\/wp-json\/wp\/v2\/posts\/962\/revisions\/1498"}],"wp:featuredmedia":[{"embeddable":true,"href":"https:\/\/www.garenc.com\/garenc-at-works\/wp-json\/wp\/v2\/media\/645"}],"wp:attachment":[{"href":"https:\/\/www.garenc.com\/garenc-at-works\/wp-json\/wp\/v2\/media?parent=962"}],"wp:term":[{"taxonomy":"category","embeddable":true,"href":"https:\/\/www.garenc.com\/garenc-at-works\/wp-json\/wp\/v2\/categories?post=962"},{"taxonomy":"post_tag","embeddable":true,"href":"https:\/\/www.garenc.com\/garenc-at-works\/wp-json\/wp\/v2\/tags?post=962"}],"curies":[{"name":"wp","href":"https:\/\/api.w.org\/{rel}","templated":true}]}}