{"id":903,"date":"2016-05-18T16:49:45","date_gmt":"2016-05-18T14:49:45","guid":{"rendered":"http:\/\/www.garenc.com\/garenc-at-works\/?p=903"},"modified":"2017-05-18T16:49:58","modified_gmt":"2017-05-18T14:49:58","slug":"chasser-le-naturel","status":"publish","type":"post","link":"https:\/\/www.garenc.com\/garenc-at-works\/2016\/05\/18\/chasser-le-naturel\/","title":{"rendered":"CHASSER LE NATUREL"},"content":{"rendered":"<p>Une exposition collective au Pr\u00e9au des Arts \u00e0 l&rsquo;ESPE de Max\u00e9ville &#8211; Meurthe et Moselle<\/p>\n<p>Sur une invitation de Christine Derrone, avec l&rsquo;aimable accompagnement de Maud Gu\u00e9ly 2016<\/p>\n<p><em><strong>Esprit du Printemps<\/strong><\/em> <strong>( Bois )<\/strong> , tirage num\u00e9rique sur papier encoll\u00e9 500x300cm. ( D\u00e9truit )<\/p>\n<p><img loading=\"lazy\" decoding=\"async\" class=\"alignnone size-full wp-image-799\" src=\"http:\/\/www.garenc.com\/garenc-at-works\/wp-content\/uploads\/2017\/05\/LEsprit-du-Bois_PhilippeGarenc-2015.jpg\" alt=\"\" width=\"900\" height=\"506\" srcset=\"https:\/\/www.garenc.com\/garenc-at-works\/wp-content\/uploads\/2017\/05\/LEsprit-du-Bois_PhilippeGarenc-2015.jpg 900w, https:\/\/www.garenc.com\/garenc-at-works\/wp-content\/uploads\/2017\/05\/LEsprit-du-Bois_PhilippeGarenc-2015-300x169.jpg 300w, https:\/\/www.garenc.com\/garenc-at-works\/wp-content\/uploads\/2017\/05\/LEsprit-du-Bois_PhilippeGarenc-2015-768x432.jpg 768w\" sizes=\"auto, (max-width: 900px) 100vw, 900px\" \/> <img loading=\"lazy\" decoding=\"async\" class=\"alignnone wp-image-508 size-medium\" src=\"http:\/\/www.garenc.com\/garenc-at-works\/wp-content\/uploads\/2017\/05\/chasserLeNaturel-34-300x201.jpg\" alt=\"\" width=\"300\" height=\"201\" srcset=\"https:\/\/www.garenc.com\/garenc-at-works\/wp-content\/uploads\/2017\/05\/chasserLeNaturel-34-300x201.jpg 300w, https:\/\/www.garenc.com\/garenc-at-works\/wp-content\/uploads\/2017\/05\/chasserLeNaturel-34-768x514.jpg 768w, https:\/\/www.garenc.com\/garenc-at-works\/wp-content\/uploads\/2017\/05\/chasserLeNaturel-34.jpg 900w\" sizes=\"auto, (max-width: 300px) 100vw, 300px\" \/> <img loading=\"lazy\" decoding=\"async\" class=\"alignnone wp-image-505 size-medium\" src=\"http:\/\/www.garenc.com\/garenc-at-works\/wp-content\/uploads\/2017\/05\/chasserLeNaturel-9-300x209.jpg\" alt=\"\" width=\"300\" height=\"209\" srcset=\"https:\/\/www.garenc.com\/garenc-at-works\/wp-content\/uploads\/2017\/05\/chasserLeNaturel-9-300x209.jpg 300w, https:\/\/www.garenc.com\/garenc-at-works\/wp-content\/uploads\/2017\/05\/chasserLeNaturel-9-768x536.jpg 768w, https:\/\/www.garenc.com\/garenc-at-works\/wp-content\/uploads\/2017\/05\/chasserLeNaturel-9.jpg 900w\" sizes=\"auto, (max-width: 300px) 100vw, 300px\" \/>\u00a0\u00a0<img loading=\"lazy\" decoding=\"async\" class=\"alignnone size-full wp-image-502\" src=\"http:\/\/www.garenc.com\/garenc-at-works\/wp-content\/uploads\/2017\/05\/chasserLeNaturel-6.jpg\" alt=\"\" width=\"900\" height=\"628\" srcset=\"https:\/\/www.garenc.com\/garenc-at-works\/wp-content\/uploads\/2017\/05\/chasserLeNaturel-6.jpg 900w, https:\/\/www.garenc.com\/garenc-at-works\/wp-content\/uploads\/2017\/05\/chasserLeNaturel-6-300x209.jpg 300w, https:\/\/www.garenc.com\/garenc-at-works\/wp-content\/uploads\/2017\/05\/chasserLeNaturel-6-768x536.jpg 768w\" sizes=\"auto, (max-width: 900px) 100vw, 900px\" \/> <img loading=\"lazy\" decoding=\"async\" class=\"alignnone size-full wp-image-499\" src=\"http:\/\/www.garenc.com\/garenc-at-works\/wp-content\/uploads\/2017\/05\/chasserLeNaturel-5.jpg\" alt=\"\" width=\"900\" height=\"647\" srcset=\"https:\/\/www.garenc.com\/garenc-at-works\/wp-content\/uploads\/2017\/05\/chasserLeNaturel-5.jpg 900w, https:\/\/www.garenc.com\/garenc-at-works\/wp-content\/uploads\/2017\/05\/chasserLeNaturel-5-300x216.jpg 300w, https:\/\/www.garenc.com\/garenc-at-works\/wp-content\/uploads\/2017\/05\/chasserLeNaturel-5-768x552.jpg 768w\" sizes=\"auto, (max-width: 900px) 100vw, 900px\" \/><\/p>\n","protected":false},"excerpt":{"rendered":"<p>Une exposition collective au Pr\u00e9au des Arts \u00e0 l&rsquo;ESPE de Max\u00e9ville &#8211; Meurthe et Moselle Sur une invitation de Christine Derrone, avec l&rsquo;aimable accompagnement de Maud Gu\u00e9ly 2016 Esprit du Printemps ( Bois ) , tirage num\u00e9rique sur papier encoll\u00e9 500x300cm. ( D\u00e9truit ) \u00a0\u00a0<\/p>\n","protected":false},"author":1,"featured_media":0,"comment_status":"closed","ping_status":"closed","sticky":false,"template":"","format":"standard","meta":{"footnotes":""},"categories":[8,13,11,3],"tags":[],"class_list":["post-903","post","type-post","status-publish","format-standard","hentry","category-digital-art","category-expositions","category-paintings","category-paysages"],"_links":{"self":[{"href":"https:\/\/www.garenc.com\/garenc-at-works\/wp-json\/wp\/v2\/posts\/903","targetHints":{"allow":["GET"]}}],"collection":[{"href":"https:\/\/www.garenc.com\/garenc-at-works\/wp-json\/wp\/v2\/posts"}],"about":[{"href":"https:\/\/www.garenc.com\/garenc-at-works\/wp-json\/wp\/v2\/types\/post"}],"author":[{"embeddable":true,"href":"https:\/\/www.garenc.com\/garenc-at-works\/wp-json\/wp\/v2\/users\/1"}],"replies":[{"embeddable":true,"href":"https:\/\/www.garenc.com\/garenc-at-works\/wp-json\/wp\/v2\/comments?post=903"}],"version-history":[{"count":1,"href":"https:\/\/www.garenc.com\/garenc-at-works\/wp-json\/wp\/v2\/posts\/903\/revisions"}],"predecessor-version":[{"id":904,"href":"https:\/\/www.garenc.com\/garenc-at-works\/wp-json\/wp\/v2\/posts\/903\/revisions\/904"}],"wp:attachment":[{"href":"https:\/\/www.garenc.com\/garenc-at-works\/wp-json\/wp\/v2\/media?parent=903"}],"wp:term":[{"taxonomy":"category","embeddable":true,"href":"https:\/\/www.garenc.com\/garenc-at-works\/wp-json\/wp\/v2\/categories?post=903"},{"taxonomy":"post_tag","embeddable":true,"href":"https:\/\/www.garenc.com\/garenc-at-works\/wp-json\/wp\/v2\/tags?post=903"}],"curies":[{"name":"wp","href":"https:\/\/api.w.org\/{rel}","templated":true}]}}