{"id":1300,"date":"2024-03-19T08:22:47","date_gmt":"2024-03-19T07:22:47","guid":{"rendered":"http:\/\/www.garenc.com\/garenc-at-works\/?p=1300"},"modified":"2026-01-04T17:29:16","modified_gmt":"2026-01-04T16:29:16","slug":"du-crayon-a-la-souris-et-vice-versa","status":"publish","type":"post","link":"https:\/\/www.garenc.com\/garenc-at-works\/2024\/03\/19\/du-crayon-a-la-souris-et-vice-versa\/","title":{"rendered":"Du crayon \u00e0 la souris et vice-versa&#8230;"},"content":{"rendered":"<p><img loading=\"lazy\" decoding=\"async\" class=\"alignnone size-large wp-image-1301\" src=\"http:\/\/www.garenc.com\/garenc-at-works\/wp-content\/uploads\/2024\/03\/du-crayon-a-la-souris-philippe-garenc-arts-1024x1024.jpeg\" alt=\"\" width=\"1024\" height=\"1024\" srcset=\"https:\/\/www.garenc.com\/garenc-at-works\/wp-content\/uploads\/2024\/03\/du-crayon-a-la-souris-philippe-garenc-arts-1024x1024.jpeg 1024w, https:\/\/www.garenc.com\/garenc-at-works\/wp-content\/uploads\/2024\/03\/du-crayon-a-la-souris-philippe-garenc-arts-150x150.jpeg 150w, https:\/\/www.garenc.com\/garenc-at-works\/wp-content\/uploads\/2024\/03\/du-crayon-a-la-souris-philippe-garenc-arts-300x300.jpeg 300w, https:\/\/www.garenc.com\/garenc-at-works\/wp-content\/uploads\/2024\/03\/du-crayon-a-la-souris-philippe-garenc-arts-768x768.jpeg 768w, https:\/\/www.garenc.com\/garenc-at-works\/wp-content\/uploads\/2024\/03\/du-crayon-a-la-souris-philippe-garenc-arts.jpeg 1600w\" sizes=\"auto, (max-width: 1024px) 100vw, 1024px\" \/><\/p>\n<p>Dans le cadre du <em>Printemps du Dessin<\/em> qui rassemble les institutions culturelles, publiques et priv\u00e9es, ainsi que les centres d\u2019art pour faire rayonner le dessin au niveau national,<\/p>\n<p>Ce mercredi 20 mars 2024 \u00e0 18h, c&rsquo;est vernissage dans la galerie du M\u00e8tre carr\u00e9 \u00e0 Metz, pour cette nouvelle exposition qui propose des \u0153uvres de collection et des pi\u00e8ces d&rsquo;artistes soutenus par l&rsquo;association. \u00c0 l&rsquo;heure de l&rsquo;intelligence artificielle et des probl\u00e9matiques qu&rsquo;elle ouvre dans les champs des arts plastiques, il est bon de voir et de dialoguer sur la r\u00e9ception subjective des possibles. Je montrerai 3 nouveaux dessins color\u00e9s d&rsquo;inspiration personnelle.<\/p>\n<p>Avec les \u0153uvres de :<\/p>\n<div class=\"x11i5rnm xat24cr x1mh8g0r x1vvkbs xtlvy1s\"><\/div>\n<div class=\"x11i5rnm xat24cr x1mh8g0r x1vvkbs xtlvy1s\">Ben<br \/>\nDavide Bertocchi<br \/>\nCamille Blatrix<br \/>\nSimon-Gabriel Bonnot<br \/>\nHerv\u00e9 Bordas<br \/>\nLaurent Brunel<br \/>\nMircea Cantor<br \/>\nRomain Cattenoz<br \/>\nNicola De Maria<br \/>\nDominique Funes<br \/>\nPhilippe Garenc<br \/>\nDelphine Gigoux-Martin<br \/>\nIsidore Hibou<br \/>\nMyriam Mechita<br \/>\nMrzyk &amp; Moriceau<br \/>\nBruno Munari<br \/>\nEmmanuelle Potier<br \/>\nMax Renkel<br \/>\nSalvo<br \/>\nLouise Sartor<\/div>\n","protected":false},"excerpt":{"rendered":"<p>Dans le cadre du Printemps du Dessin qui rassemble les institutions culturelles, publiques et priv\u00e9es, ainsi que les centres d\u2019art pour faire rayonner le dessin au niveau national, Ce mercredi 20 mars 2024 \u00e0 18h, c&rsquo;est vernissage dans la galerie du M\u00e8tre carr\u00e9 \u00e0 Metz, pour cette nouvelle exposition qui propose des \u0153uvres de collection [&hellip;]<\/p>\n","protected":false},"author":1,"featured_media":1301,"comment_status":"closed","ping_status":"closed","sticky":false,"template":"","format":"standard","meta":{"footnotes":""},"categories":[8,14,13,34],"tags":[],"class_list":["post-1300","post","type-post","status-publish","format-standard","has-post-thumbnail","hentry","category-digital-art","category-drawings","category-expositions","category-inks-on-paper"],"_links":{"self":[{"href":"https:\/\/www.garenc.com\/garenc-at-works\/wp-json\/wp\/v2\/posts\/1300","targetHints":{"allow":["GET"]}}],"collection":[{"href":"https:\/\/www.garenc.com\/garenc-at-works\/wp-json\/wp\/v2\/posts"}],"about":[{"href":"https:\/\/www.garenc.com\/garenc-at-works\/wp-json\/wp\/v2\/types\/post"}],"author":[{"embeddable":true,"href":"https:\/\/www.garenc.com\/garenc-at-works\/wp-json\/wp\/v2\/users\/1"}],"replies":[{"embeddable":true,"href":"https:\/\/www.garenc.com\/garenc-at-works\/wp-json\/wp\/v2\/comments?post=1300"}],"version-history":[{"count":2,"href":"https:\/\/www.garenc.com\/garenc-at-works\/wp-json\/wp\/v2\/posts\/1300\/revisions"}],"predecessor-version":[{"id":1303,"href":"https:\/\/www.garenc.com\/garenc-at-works\/wp-json\/wp\/v2\/posts\/1300\/revisions\/1303"}],"wp:featuredmedia":[{"embeddable":true,"href":"https:\/\/www.garenc.com\/garenc-at-works\/wp-json\/wp\/v2\/media\/1301"}],"wp:attachment":[{"href":"https:\/\/www.garenc.com\/garenc-at-works\/wp-json\/wp\/v2\/media?parent=1300"}],"wp:term":[{"taxonomy":"category","embeddable":true,"href":"https:\/\/www.garenc.com\/garenc-at-works\/wp-json\/wp\/v2\/categories?post=1300"},{"taxonomy":"post_tag","embeddable":true,"href":"https:\/\/www.garenc.com\/garenc-at-works\/wp-json\/wp\/v2\/tags?post=1300"}],"curies":[{"name":"wp","href":"https:\/\/api.w.org\/{rel}","templated":true}]}}