{"id":1023,"date":"2019-02-12T15:39:21","date_gmt":"2019-02-12T14:39:21","guid":{"rendered":"http:\/\/www.garenc.com\/garenc-at-works\/?p=1023"},"modified":"2026-02-03T19:05:23","modified_gmt":"2026-02-03T18:05:23","slug":"italo-calvino-le-monde-ecrit-et-le-monde-non-ecrit-1983","status":"publish","type":"post","link":"https:\/\/www.garenc.com\/garenc-at-works\/2019\/02\/12\/italo-calvino-le-monde-ecrit-et-le-monde-non-ecrit-1983\/","title":{"rendered":"Italo Calvino &#8211; \u00ab\u00a0Le monde \u00e9crit et le monde non \u00e9crit\u00a0\u00bb \/ \u00ab\u00a0Mondo scritto e mondo non scritto\u00a0\u00bb \/ \u00ab\u00a0Written World and the Unwritten World\u00a0\u00bb &#8211; 1983"},"content":{"rendered":"\n<p><img loading=\"lazy\" decoding=\"async\" class=\"alignnone size-large wp-image-1084\" src=\"http:\/\/www.garenc.com\/garenc-at-works\/wp-content\/uploads\/2020\/01\/villes-invisibles-7-1024x683.jpg\" alt=\"\" width=\"1024\" height=\"683\" srcset=\"https:\/\/www.garenc.com\/garenc-at-works\/wp-content\/uploads\/2020\/01\/villes-invisibles-7-1024x683.jpg 1024w, https:\/\/www.garenc.com\/garenc-at-works\/wp-content\/uploads\/2020\/01\/villes-invisibles-7-300x200.jpg 300w, https:\/\/www.garenc.com\/garenc-at-works\/wp-content\/uploads\/2020\/01\/villes-invisibles-7-768x512.jpg 768w\" sizes=\"auto, (max-width: 1024px) 100vw, 1024px\" \/><br>\nVille(s) invisible(s), cristal coul\u00e9 et impression 3D PLA &#8211; 700 x 400 x 200 mm. Photographie de F. Golfier 2019<\/p>\n\n\n\n<h2 class=\"wp-block-heading\"><\/h2>\n\n\n\n<h4 class=\"wp-block-heading\">\u00a0\u00bb En un sens, je pense que nous \u00e9crivons toujours sur quelque chose que nous ne connaissons pas : nous \u00e9crivons pour permettre au monde non \u00e9crit de s\u2019exprimer \u00e0 travers nous.<br>\nAu moment o\u00f9 mon attention passe de l&rsquo;ordre habituel des lignes \u00e9crites et suit une complexit\u00e9 mobile qu&rsquo;aucune phrase ne peut contenir ou \u00e9puiser, je me sens proche de comprendre que de l&rsquo;autre c\u00f4t\u00e9 des mots, il y a quelque chose qui tente de sortir du silence, signifier \u00e0 travers le langage, comme abattre un mur de prison \u00ab\u00a0.<\/h4>\n\n\n\n<!--more-->\n\n\n\n<h4 class=\"wp-block-heading\">\u00abIn un certo senso, credo che sempre scriviamo di qualcosa che non sappiamo: scriviamo per rendere possibile al mondo non scritto di esprimersi attraverso di noi. Nel momento in cui la mia attenzione si sposta dall\u2019ordine regolare delle righe scritte e segue la mobile complessit\u00e0 che nessuna frase pu\u00f2 contenere o esaurire, mi sento vicino a capire che dall\u2019altro lato delle parole c\u2019\u00e8 qualcosa che cerca d\u2019uscire dal silenzio, di significare attraverso il linguaggio, come battendo colpi su un muro di prigione\u00bb. Italo Calvino, \u201cMondo scritto e mondo non scritto\u201d, 1983<\/h4>\n\n\n\n<h4 class=\"wp-block-heading tw-data-text tw-ta tw-text-small\" id=\"tw-target-text\"><span lang=\"en\">\u00ab\u00a0In a sense, I think we always write about something we do not know: we write to make it possible for the unwritten world to express itself through us. At the moment when my attention moves from the regular order of the written lines and follows the mobile complexity that no sentence can contain or exhaust, I feel close to understanding that on the other side of the words there is something that tries to go out from silence, to signify through language, like knocking down a prison wall \u00bb. Italo Calvino, , 1983<\/span><\/h4>\n","protected":false},"excerpt":{"rendered":"<p>Ville(s) invisible(s), cristal coul\u00e9 et impression 3D PLA &#8211; 700 x 400 x 200 mm. Photographie de F. Golfier 2019 \u00a0\u00bb En un sens, je pense que nous \u00e9crivons toujours sur quelque chose que nous ne connaissons pas : nous \u00e9crivons pour permettre au monde non \u00e9crit de s\u2019exprimer \u00e0 travers nous. Au moment o\u00f9 [&hellip;]<\/p>\n","protected":false},"author":1,"featured_media":1247,"comment_status":"closed","ping_status":"closed","sticky":false,"template":"","format":"standard","meta":{"footnotes":""},"categories":[7,4,8,14,13,6,34,11,3,10,35],"tags":[],"class_list":["post-1023","post","type-post","status-publish","format-standard","has-post-thumbnail","hentry","category-3d-printing","category-architectures","category-digital-art","category-drawings","category-expositions","category-glass","category-inks-on-paper","category-paintings","category-paysages","category-sculptures","category-texts"],"_links":{"self":[{"href":"https:\/\/www.garenc.com\/garenc-at-works\/wp-json\/wp\/v2\/posts\/1023","targetHints":{"allow":["GET"]}}],"collection":[{"href":"https:\/\/www.garenc.com\/garenc-at-works\/wp-json\/wp\/v2\/posts"}],"about":[{"href":"https:\/\/www.garenc.com\/garenc-at-works\/wp-json\/wp\/v2\/types\/post"}],"author":[{"embeddable":true,"href":"https:\/\/www.garenc.com\/garenc-at-works\/wp-json\/wp\/v2\/users\/1"}],"replies":[{"embeddable":true,"href":"https:\/\/www.garenc.com\/garenc-at-works\/wp-json\/wp\/v2\/comments?post=1023"}],"version-history":[{"count":10,"href":"https:\/\/www.garenc.com\/garenc-at-works\/wp-json\/wp\/v2\/posts\/1023\/revisions"}],"predecessor-version":[{"id":1478,"href":"https:\/\/www.garenc.com\/garenc-at-works\/wp-json\/wp\/v2\/posts\/1023\/revisions\/1478"}],"wp:featuredmedia":[{"embeddable":true,"href":"https:\/\/www.garenc.com\/garenc-at-works\/wp-json\/wp\/v2\/media\/1247"}],"wp:attachment":[{"href":"https:\/\/www.garenc.com\/garenc-at-works\/wp-json\/wp\/v2\/media?parent=1023"}],"wp:term":[{"taxonomy":"category","embeddable":true,"href":"https:\/\/www.garenc.com\/garenc-at-works\/wp-json\/wp\/v2\/categories?post=1023"},{"taxonomy":"post_tag","embeddable":true,"href":"https:\/\/www.garenc.com\/garenc-at-works\/wp-json\/wp\/v2\/tags?post=1023"}],"curies":[{"name":"wp","href":"https:\/\/api.w.org\/{rel}","templated":true}]}}